{"id":93689,"date":"2026-04-29T11:44:28","date_gmt":"2026-04-29T09:44:28","guid":{"rendered":"https:\/\/www.dentex.be\/dentistes-verifiez-lidentite-de-vos-patients-en-tiers-payant\/"},"modified":"2026-04-29T11:45:50","modified_gmt":"2026-04-29T09:45:50","slug":"dentistes-verifiez-lidentite-de-vos-patients-en-tiers-payant","status":"publish","type":"post","link":"https:\/\/www.dentex.be\/fr\/dentistes-verifiez-lidentite-de-vos-patients-en-tiers-payant\/","title":{"rendered":"Dentistes : v\u00e9rifiez l\u2019identit\u00e9 de vos patients en tiers payant"},"content":{"rendered":"\t\t<div data-elementor-type=\"wp-post\" data-elementor-id=\"93689\" class=\"elementor elementor-93689 elementor-93658\" data-elementor-post-type=\"post\">\n\t\t\t\t<div class=\"elementor-element elementor-element-c84bb08 e-flex e-con-boxed e-con e-parent\" data-id=\"c84bb08\" data-element_type=\"container\">\n\t\t\t\t\t<div class=\"e-con-inner\">\n\t\t\t\t<div class=\"elementor-element elementor-element-1a4ed44 elementor-widget elementor-widget-text-editor\" data-id=\"1a4ed44\" data-element_type=\"widget\" data-widget_type=\"text-editor.default\">\n\t\t\t\t<div class=\"elementor-widget-container\">\n\t\t\t\t\t\t\t\t\t<p>En tant que praticien de l\u2019art dentaire, \u00e0 partir du 1er octobre 2026, vous devrez v\u00e9rifier l&rsquo;identit\u00e9 de vos patients lors de chaque consultation si vous appliquez le tiers payant par voie \u00e9lectronique. Cette mesure pr\u00e9sente de nombreux avantages, notamment pour la facturation et le remboursement des soins pour le patient.<\/p>\n<p>Gr\u00e2ce \u00e0 votre fournisseur de logiciels, vous pouvez d\u00e8s \u00e0 pr\u00e9sent enregistrer, de mani\u00e8re facultative, les donn\u00e9es issues de la lecture de la carte d\u2019identit\u00e9 de vos patients dans le fichier de facturation \u00e9lectronique. Prenez donc d\u00e8s maintenant l&rsquo;habitude de v\u00e9rifier l&rsquo;identit\u00e9 de vos patients !<\/p>\n\t\t\t\t\t\t\t\t<\/div>\n\t\t\t\t<\/div>\n\t\t\t\t<div class=\"elementor-element elementor-element-12df02d elementor-widget elementor-widget-text-editor\" data-id=\"12df02d\" data-element_type=\"widget\" data-widget_type=\"text-editor.default\">\n\t\t\t\t<div class=\"elementor-widget-container\">\n\t\t\t\t\t\t\t\t\t<h3><strong>Pourquoi v\u00e9rifier l\u2019identit\u00e9 de vos patients ?<\/strong><\/h3>\n\t\t\t\t\t\t\t\t<\/div>\n\t\t\t\t<\/div>\n\t\t\t\t<div class=\"elementor-element elementor-element-390c12b elementor-widget elementor-widget-text-editor\" data-id=\"390c12b\" data-element_type=\"widget\" data-widget_type=\"text-editor.default\">\n\t\t\t\t<div class=\"elementor-widget-container\">\n\t\t\t\t\t\t\t\t\t<p>Identifier correctement le patient permet :<\/p>\n<ul>\n<li>de garantir une meilleure qualit\u00e9 de soins, un traitement ad\u00e9quat et de lui attribuer les bonnes donn\u00e9es m\u00e9dicales ;<\/li>\n<li>d&rsquo;\u00e9viter les erreurs administratives et de facturation (coop\u00e9ration plus efficace entre les <u>praticiens de l&rsquo;art dentaire<\/u> et les mutualit\u00e9s) ;<\/li>\n<li>de lutter contre la fraude \u00e9ventuelle, y compris la fraude des patients quant \u00e0 leur identit\u00e9.<\/li>\n<\/ul>\n<p>La v\u00e9rification de l\u2019identit\u00e9 du patient n\u2019a en aucun cas pour objectif de limiter l\u2019accessibilit\u00e9 aux soins de sant\u00e9.<\/p>\n\t\t\t\t\t\t\t\t<\/div>\n\t\t\t\t<\/div>\n\t\t\t\t<div class=\"elementor-element elementor-element-8b28ce3 elementor-widget elementor-widget-text-editor\" data-id=\"8b28ce3\" data-element_type=\"widget\" data-widget_type=\"text-editor.default\">\n\t\t\t\t<div class=\"elementor-widget-container\">\n\t\t\t\t\t\t\t\t\t<h3><strong>Quels moyens d\u2019identification utiliser ?<\/strong><\/h3>\n\t\t\t\t\t\t\t\t<\/div>\n\t\t\t\t<\/div>\n\t\t\t\t<div class=\"elementor-element elementor-element-fd0d7fd elementor-widget elementor-widget-text-editor\" data-id=\"fd0d7fd\" data-element_type=\"widget\" data-widget_type=\"text-editor.default\">\n\t\t\t\t<div class=\"elementor-widget-container\">\n\t\t\t\t\t\t\t\t\t<p>Utilisez de pr\u00e9f\u00e9rence les moyens d\u2019identification suivants pour identifier votre patient :<\/p>\n<ul>\n<li>pour un adulte : sa carte d\u2019identit\u00e9 \u00e9lectronique belge (eID) ou sa carte \u00e9lectronique pour \u00e9trangers ;<\/li>\n<li>pour un enfant : sa Kids-ID ou sa carte ISI+. La carte ISI+ est \u00e9galement disponible sous forme num\u00e9rique via MyGov.be, l\u2019application pour recevoir les informations ou documents officiels en ligne, ainsi que via les applications mobiles des mutualit\u00e9s.<\/li>\n<\/ul>\n\t\t\t\t\t\t\t\t<\/div>\n\t\t\t\t<\/div>\n\t\t\t\t<div class=\"elementor-element elementor-element-17f2a52 elementor-widget elementor-widget-text-editor\" data-id=\"17f2a52\" data-element_type=\"widget\" data-widget_type=\"text-editor.default\">\n\t\t\t\t<div class=\"elementor-widget-container\">\n\t\t\t\t\t\t\t\t\t<h3><strong>Que faire si votre patient n&rsquo;a pas sa carte d\u2019identit\u00e9 lors de la consultation ?<\/strong><\/h3>\n\t\t\t\t\t\t\t\t<\/div>\n\t\t\t\t<\/div>\n\t\t\t\t<div class=\"elementor-element elementor-element-e39042c elementor-widget elementor-widget-text-editor\" data-id=\"e39042c\" data-element_type=\"widget\" data-widget_type=\"text-editor.default\">\n\t\t\t\t<div class=\"elementor-widget-container\">\n\t\t\t\t\t\t\t\t\t<p>Si le patient ne dispose pas de l\u2019un de ces documents, utilisez :<\/p>\n<ul>\n<li>une attestation de perte ou de vol de la carte d\u2019identit\u00e9,<\/li>\n<li>une attestation d\u2019assur\u00e9 social,<\/li>\n<li>une vignette de la mutualit\u00e9,<\/li>\n<li>ou l\u2019application Itsme (si cela est possible via votre logiciel).<\/li>\n<\/ul>\n<p>Dans certaines situations, il est possible que vous ne puissiez pas lire un moyen d\u2019identification. Dans ce cas, enregistrez l\u2019encodage manuel du num\u00e9ro d&rsquo;identification \u00e0 la s\u00e9curit\u00e9 sociale de votre patient comme type de lecture. Lors de l\u2019enregistrement, vous devez en indiquer la raison.<\/p>\n\t\t\t\t\t\t\t\t<\/div>\n\t\t\t\t<\/div>\n\t\t\t\t<div class=\"elementor-element elementor-element-bc2910e elementor-widget elementor-widget-text-editor\" data-id=\"bc2910e\" data-element_type=\"widget\" data-widget_type=\"text-editor.default\">\n\t\t\t\t<div class=\"elementor-widget-container\">\n\t\t\t\t\t\t\t\t\t<h3><strong>Plus d\u2019informations<\/strong><\/h3>\n\t\t\t\t\t\t\t\t<\/div>\n\t\t\t\t<\/div>\n\t\t\t\t<div class=\"elementor-element elementor-element-e2c428b elementor-widget elementor-widget-text-editor\" data-id=\"e2c428b\" data-element_type=\"widget\" data-widget_type=\"text-editor.default\">\n\t\t\t\t<div class=\"elementor-widget-container\">\n\t\t\t\t\t\t\t\t\t<p>Vous trouverez plus d\u2019informations sur les donn\u00e9es \u00e0 enregistrer et sur les exceptions \u00e0 cette obligation sur <a href=\"https:\/\/www.inami.fgov.be\/fr\/professionnels\/professionnels-de-la-sante\/dentistes\/exercice-du-metier\/verifiez-l-identite-de-vos-patients-en-tiers-payant-comme-praticien-de-l-art-dentaire\">le site web de l&rsquo;INAMI<\/a>.<\/p>\n\t\t\t\t\t\t\t\t<\/div>\n\t\t\t\t<\/div>\n\t\t\t\t<div class=\"elementor-element elementor-element-26fece1 elementor-widget elementor-widget-image\" data-id=\"26fece1\" data-element_type=\"widget\" data-widget_type=\"image.default\">\n\t\t\t\t<div class=\"elementor-widget-container\">\n\t\t\t\t\t\t\t\t\t\t\t\t\t\t\t<img fetchpriority=\"high\" decoding=\"async\" width=\"800\" height=\"313\" src=\"https:\/\/easyfairsassets.com\/sites\/387\/2026\/04\/INAMI-26-36842-Banner-dentiste-2000x782-FR-270324-lm-r2-1024x401.jpg\" class=\"attachment-large size-large wp-image-93692\" alt=\"inami 26 36842 banner dentiste 2000x782 fr 270324 lm r2\" srcset=\"https:\/\/easyfairsassets.com\/sites\/387\/2026\/04\/INAMI-26-36842-Banner-dentiste-2000x782-FR-270324-lm-r2-1024x401.jpg 1024w, https:\/\/easyfairsassets.com\/sites\/387\/2026\/04\/INAMI-26-36842-Banner-dentiste-2000x782-FR-270324-lm-r2-300x117.jpg 300w, https:\/\/easyfairsassets.com\/sites\/387\/2026\/04\/INAMI-26-36842-Banner-dentiste-2000x782-FR-270324-lm-r2-768x300.jpg 768w, https:\/\/easyfairsassets.com\/sites\/387\/2026\/04\/INAMI-26-36842-Banner-dentiste-2000x782-FR-270324-lm-r2-1536x601.jpg 1536w, https:\/\/easyfairsassets.com\/sites\/387\/2026\/04\/INAMI-26-36842-Banner-dentiste-2000x782-FR-270324-lm-r2.jpg 1920w\" sizes=\"(max-width: 800px) 100vw, 800px\" \/>\t\t\t\t\t\t\t\t\t\t\t\t\t\t\t<\/div>\n\t\t\t\t<\/div>\n\t\t\t\t\t<\/div>\n\t\t\t\t<\/div>\n\t\t\t\t<\/div>\n\t\t","protected":false},"excerpt":{"rendered":"<p>En tant que praticien de l\u2019art dentaire, \u00e0 partir du 1er octobre 2026, vous devrez v\u00e9rifier l&rsquo;identit\u00e9 de vos patients lors de chaque consultation si vous appliquez le tiers payant par voie \u00e9lectronique. Cette mesure pr\u00e9sente de nombreux avantages, notamment pour la facturation et le remboursement des soins pour le patient. Gr\u00e2ce \u00e0 votre fournisseur [&hellip;]<\/p>\n","protected":false},"author":872,"featured_media":93692,"comment_status":"closed","ping_status":"closed","sticky":false,"template":"","format":"standard","meta":{"_seopress_robots_primary_cat":"none","_seopress_titles_title":"","_seopress_titles_desc":"","_seopress_robots_index":"","footnotes":""},"categories":[308],"tags":[],"edition":[],"class_list":["post-93689","post","type-post","status-publish","format-standard","has-post-thumbnail","hentry","category-nouvelles-du-secteur"],"_links":{"self":[{"href":"https:\/\/www.dentex.be\/fr\/wp-json\/wp\/v2\/posts\/93689","targetHints":{"allow":["GET"]}}],"collection":[{"href":"https:\/\/www.dentex.be\/fr\/wp-json\/wp\/v2\/posts"}],"about":[{"href":"https:\/\/www.dentex.be\/fr\/wp-json\/wp\/v2\/types\/post"}],"author":[{"embeddable":true,"href":"https:\/\/www.dentex.be\/fr\/wp-json\/wp\/v2\/users\/872"}],"replies":[{"embeddable":true,"href":"https:\/\/www.dentex.be\/fr\/wp-json\/wp\/v2\/comments?post=93689"}],"version-history":[{"count":4,"href":"https:\/\/www.dentex.be\/fr\/wp-json\/wp\/v2\/posts\/93689\/revisions"}],"predecessor-version":[{"id":93697,"href":"https:\/\/www.dentex.be\/fr\/wp-json\/wp\/v2\/posts\/93689\/revisions\/93697"}],"wp:featuredmedia":[{"embeddable":true,"href":"https:\/\/www.dentex.be\/fr\/wp-json\/wp\/v2\/media\/93692"}],"wp:attachment":[{"href":"https:\/\/www.dentex.be\/fr\/wp-json\/wp\/v2\/media?parent=93689"}],"wp:term":[{"taxonomy":"category","embeddable":true,"href":"https:\/\/www.dentex.be\/fr\/wp-json\/wp\/v2\/categories?post=93689"},{"taxonomy":"post_tag","embeddable":true,"href":"https:\/\/www.dentex.be\/fr\/wp-json\/wp\/v2\/tags?post=93689"},{"taxonomy":"edition","embeddable":true,"href":"https:\/\/www.dentex.be\/fr\/wp-json\/wp\/v2\/edition?post=93689"}],"curies":[{"name":"wp","href":"https:\/\/api.w.org\/{rel}","templated":true}]}}